{"id":3496,"date":"2023-06-20T08:14:57","date_gmt":"2023-06-20T07:14:57","guid":{"rendered":"https:\/\/www.persol.info\/toldo-vertical\/"},"modified":"2023-06-20T08:14:57","modified_gmt":"2023-06-20T07:14:57","slug":"toldo-vertical","status":"publish","type":"post","link":"https:\/\/www.persol.info\/eu\/toldo-vertical\/","title":{"rendered":"&#8220;Toldo Vertical&#8221;"},"content":{"rendered":"<p>\u00a1Dale un toque de estilo y funcionalidad a tu balc\u00f3n con el &#8220;Toldo Vertical&#8221; de Persol!<br \/>\nHoy queremos presentarte nuestra soluci\u00f3n perfecta para proteger tu balc\u00f3n del sol y crear un espacio acogedor al aire libre: el &#8220;Toldo Vertical&#8221; para balcones.<\/p>\n<p>Este vers\u00e1til toldo vertical es la opci\u00f3n ideal para aprovechar al m\u00e1ximo tu balc\u00f3n, brind\u00e1ndote sombra y privacidad cuando m\u00e1s lo necesitas. Su dise\u00f1o compacto y discreto se adapta perfectamente a cualquier estilo de decoraci\u00f3n.<\/p>\n<p>Con su sistema de enrollado vertical, puedes regular f\u00e1cilmente la cantidad de luz y sombra que ingresa a tu balc\u00f3n. Mant\u00e9n el espacio fresco y protegido en los d\u00edas soleados, y disfruta de la brisa suave cuando el sol se esconde.<\/p>\n<p>Nuestro &#8220;Toldo Vertical&#8221; para balcones est\u00e1 disponible en una amplia gama de colores y tejidos resistentes a la intemperie, para que puedas personalizarlo seg\u00fan tus preferencias y combinarlo con la est\u00e9tica de tu balc\u00f3n.<\/p>\n<p>Adem\u00e1s de su funci\u00f3n principal de protecci\u00f3n solar, este toldo tambi\u00e9n te brinda mayor privacidad y protecci\u00f3n contra los rayos UV. Crea un oasis de tranquilidad en tu balc\u00f3n y disfruta de momentos relajantes al aire libre.<\/p>\n<p>No esperes m\u00e1s para transformar tu balc\u00f3n en un espacio acogedor y protegido con el &#8220;Toldo Vertical&#8221; para balcones de Persol. Cont\u00e1ctanos hoy mismo y d\u00e9janos ayudarte a encontrar la soluci\u00f3n perfecta para ti.<br \/>\nVive la experiencia Persol y descubre c\u00f3mo nuestros toldos y cortinas pueden transformar tus espacios. \u00a1S\u00edguenos para obtener m\u00e1s consejos y descubrir nuestras \u00faltimas novedades!<\/p>\n","protected":false},"excerpt":{"rendered":"<p>\u00a1Dale un toque de estilo y funcionalidad a tu balc\u00f3n con el &#8220;Toldo Vertical&#8221; de Persol! Hoy queremos presentarte nuestra soluci\u00f3n perfecta para proteger tu balc\u00f3n del sol y crear un espacio acogedor al aire libre: el &#8220;Toldo Vertical&#8221; para balcones. Este vers\u00e1til toldo vertical es la opci\u00f3n ideal para aprovechar al m\u00e1ximo tu balc\u00f3n, brind\u00e1ndote sombra y privacidad cuando&hellip;<\/p>\n","protected":false},"author":1,"featured_media":3312,"comment_status":"open","ping_status":"open","sticky":false,"template":"","format":"standard","meta":{"footnotes":"","_links_to":"","_links_to_target":""},"categories":[126],"tags":[],"class_list":["post-3496","post","type-post","status-publish","format-standard","has-post-thumbnail","hentry","category-noticias2-eu"],"aioseo_notices":[],"_links":{"self":[{"href":"https:\/\/www.persol.info\/eu\/wp-json\/wp\/v2\/posts\/3496","targetHints":{"allow":["GET"]}}],"collection":[{"href":"https:\/\/www.persol.info\/eu\/wp-json\/wp\/v2\/posts"}],"about":[{"href":"https:\/\/www.persol.info\/eu\/wp-json\/wp\/v2\/types\/post"}],"author":[{"embeddable":true,"href":"https:\/\/www.persol.info\/eu\/wp-json\/wp\/v2\/users\/1"}],"replies":[{"embeddable":true,"href":"https:\/\/www.persol.info\/eu\/wp-json\/wp\/v2\/comments?post=3496"}],"version-history":[{"count":0,"href":"https:\/\/www.persol.info\/eu\/wp-json\/wp\/v2\/posts\/3496\/revisions"}],"wp:featuredmedia":[{"embeddable":true,"href":"https:\/\/www.persol.info\/eu\/wp-json\/wp\/v2\/media\/3312"}],"wp:attachment":[{"href":"https:\/\/www.persol.info\/eu\/wp-json\/wp\/v2\/media?parent=3496"}],"wp:term":[{"taxonomy":"category","embeddable":true,"href":"https:\/\/www.persol.info\/eu\/wp-json\/wp\/v2\/categories?post=3496"},{"taxonomy":"post_tag","embeddable":true,"href":"https:\/\/www.persol.info\/eu\/wp-json\/wp\/v2\/tags?post=3496"}],"curies":[{"name":"wp","href":"https:\/\/api.w.org\/{rel}","templated":true}]}}