{"id":3493,"date":"2023-08-02T09:00:33","date_gmt":"2023-08-02T08:00:33","guid":{"rendered":"https:\/\/www.persol.info\/disfruta-de-tu-terraza-al-maximo-con-el-toldo-terraza-nadesmo-de-persol\/"},"modified":"2023-08-02T09:00:33","modified_gmt":"2023-08-02T08:00:33","slug":"disfruta-de-tu-terraza-al-maximo-con-el-toldo-terraza-nadesmo-de-persol","status":"publish","type":"post","link":"https:\/\/www.persol.info\/eu\/disfruta-de-tu-terraza-al-maximo-con-el-toldo-terraza-nadesmo-de-persol\/","title":{"rendered":"\u00a1Disfruta de tu terraza al m\u00e1ximo con el &#8220;Toldo terraza Nadesmo&#8221; de Persol!"},"content":{"rendered":"<p>Hoy queremos presentarte nuestra soluci\u00f3n perfecta para convertir tu terraza en un espacio acogedor y protegido: el &#8220;Toldo terraza Nadesmo&#8221; de Persol.<\/p>\n<p>Este impresionante toldo para terraza combina a la perfecci\u00f3n estilo y funcionalidad, brind\u00e1ndote la protecci\u00f3n solar que necesitas sin comprometer el dise\u00f1o de tu espacio al aire libre.<\/p>\n<p>Gracias a su dise\u00f1o vers\u00e1til y resistente, el &#8220;Toldo terraza Nadesmo&#8221; se adapta perfectamente a diferentes tipos de terrazas, ya sean amplias o estrechas. Puedes regular f\u00e1cilmente la cantidad de sombra que deseas, creando un ambiente fresco y confortable.<\/p>\n<p>Disponible en una amplia gama de colores y tejidos de alta calidad, podr\u00e1s personalizar tu toldo para que se ajuste a tu estilo y combinarlo con la est\u00e9tica de tu terraza. Agrega un toque de elegancia y sofisticaci\u00f3n a tu espacio exterior.<\/p>\n<p>Adem\u00e1s de brindarte protecci\u00f3n solar, el &#8220;Toldo terraza Nadesmo&#8221; te ofrece privacidad y resguardo contra los rayos UV. Disfruta de momentos relajantes y de ocio en tu terraza sin preocuparte por el sol intenso.<\/p>\n<p>No esperes m\u00e1s para convertir tu terraza en un oasis de tranquilidad con el &#8220;Toldo terraza Nadesmo&#8221; de Persol.<\/p>\n<p>Vive la experiencia Persol y descubre c\u00f3mo nuestros toldos y cortinas pueden mejorar tu estilo de vida al aire libre. \u00a1S\u00edguenos para obtener m\u00e1s consejos y descubrir nuestras \u00faltimas novedades en protecci\u00f3n solar!<\/p>\n","protected":false},"excerpt":{"rendered":"<p>Hoy queremos presentarte nuestra soluci\u00f3n perfecta para convertir tu terraza en un espacio acogedor y protegido: el &#8220;Toldo terraza Nadesmo&#8221; de Persol. Este impresionante toldo para terraza combina a la perfecci\u00f3n estilo y funcionalidad, brind\u00e1ndote la protecci\u00f3n solar que necesitas sin comprometer el dise\u00f1o de tu espacio al aire libre. Gracias a su dise\u00f1o vers\u00e1til y resistente, el &#8220;Toldo terraza&hellip;<\/p>\n","protected":false},"author":1,"featured_media":2953,"comment_status":"closed","ping_status":"closed","sticky":false,"template":"","format":"standard","meta":{"footnotes":"","_links_to":"","_links_to_target":""},"categories":[126],"tags":[],"class_list":["post-3493","post","type-post","status-publish","format-standard","has-post-thumbnail","hentry","category-noticias2-eu"],"aioseo_notices":[],"_links":{"self":[{"href":"https:\/\/www.persol.info\/eu\/wp-json\/wp\/v2\/posts\/3493","targetHints":{"allow":["GET"]}}],"collection":[{"href":"https:\/\/www.persol.info\/eu\/wp-json\/wp\/v2\/posts"}],"about":[{"href":"https:\/\/www.persol.info\/eu\/wp-json\/wp\/v2\/types\/post"}],"author":[{"embeddable":true,"href":"https:\/\/www.persol.info\/eu\/wp-json\/wp\/v2\/users\/1"}],"replies":[{"embeddable":true,"href":"https:\/\/www.persol.info\/eu\/wp-json\/wp\/v2\/comments?post=3493"}],"version-history":[{"count":0,"href":"https:\/\/www.persol.info\/eu\/wp-json\/wp\/v2\/posts\/3493\/revisions"}],"wp:featuredmedia":[{"embeddable":true,"href":"https:\/\/www.persol.info\/eu\/wp-json\/wp\/v2\/media\/2953"}],"wp:attachment":[{"href":"https:\/\/www.persol.info\/eu\/wp-json\/wp\/v2\/media?parent=3493"}],"wp:term":[{"taxonomy":"category","embeddable":true,"href":"https:\/\/www.persol.info\/eu\/wp-json\/wp\/v2\/categories?post=3493"},{"taxonomy":"post_tag","embeddable":true,"href":"https:\/\/www.persol.info\/eu\/wp-json\/wp\/v2\/tags?post=3493"}],"curies":[{"name":"wp","href":"https:\/\/api.w.org\/{rel}","templated":true}]}}