{"id":3483,"date":"2024-02-02T11:46:45","date_gmt":"2024-02-02T09:46:45","guid":{"rendered":"https:\/\/www.persol.info\/toldo-ventana-cofre-punto-recto-2\/"},"modified":"2024-02-02T11:46:45","modified_gmt":"2024-02-02T09:46:45","slug":"toldo-ventana-cofre-punto-recto-2","status":"publish","type":"post","link":"https:\/\/www.persol.info\/eu\/toldo-ventana-cofre-punto-recto-2\/","title":{"rendered":"Toldo ventana Cofre punto recto"},"content":{"rendered":"<div class=\"xdj266r x11i5rnm xat24cr x1mh8g0r x1vvkbs x126k92a\">\n<div dir=\"auto\">\u00a1Prot\u00e9gete del sol sin comprometer el estilo con Persol!<\/div>\n<\/div>\n<div class=\"x11i5rnm xat24cr x1mh8g0r x1vvkbs xtlvy1s x126k92a\">\n<div dir=\"auto\">Hoy queremos presentarte nuestro exclusivo &#8220;Toldo ventana Cofre punto recto&#8221;.\u00a0 Este asombroso accesorio combina a la perfecci\u00f3n funcionalidad y est\u00e9tica, brind\u00e1ndote una soluci\u00f3n elegante para tus necesidades de protecci\u00f3n solar.<\/div>\n<\/div>\n<div class=\"x11i5rnm xat24cr x1mh8g0r x1vvkbs xtlvy1s x126k92a\">\n<div dir=\"auto\">Gracias a su dise\u00f1o innovador de cofre, este toldo ofrece una protecci\u00f3n adicional al enrollar completamente la lona y los brazos, resguard\u00e1ndolos de las inclemencias del tiempo cuando no est\u00e1n en uso. \u00a1Tu toldo se mantendr\u00e1 en perfectas condiciones durante mucho m\u00e1s tiempo!<\/div>\n<\/div>\n<div class=\"x11i5rnm xat24cr x1mh8g0r x1vvkbs xtlvy1s x126k92a\">\n<div dir=\"auto\">\u00a0Su sistema de punto recto asegura una tensi\u00f3n constante de la lona, lo que te permite regular la entrada de luz y sombra seg\u00fan tus preferencias. Adem\u00e1s, este toldo se adapta a todo tipo de ventanas, ya sean grandes o peque\u00f1as, brindando una soluci\u00f3n vers\u00e1til y funcional.<\/div>\n<\/div>\n<div class=\"x11i5rnm xat24cr x1mh8g0r x1vvkbs xtlvy1s x126k92a\">\n<div dir=\"auto\">Pero eso no es todo, el &#8220;Toldo ventana Cofre punto recto&#8221; tambi\u00e9n aporta valor est\u00e9tico a tu espacio. Disponible en una amplia gama de colores y tejidos de alta calidad, podr\u00e1s personalizarlo para que se ajuste perfectamente a tu estilo y decoraci\u00f3n.<\/div>\n<\/div>\n<div class=\"x11i5rnm xat24cr x1mh8g0r x1vvkbs xtlvy1s x126k92a\">\n<div dir=\"auto\">Con este toldo, disfrutar\u00e1s de una mayor privacidad y protecci\u00f3n contra los da\u00f1inos rayos UV. Adem\u00e1s, reducir\u00e1s el calor en tu interior, lo que te permitir\u00e1 ahorrar en costos de climatizaci\u00f3n y crear un ambiente m\u00e1s c\u00f3modo y acogedor.<\/div>\n<\/div>\n<div class=\"x11i5rnm xat24cr x1mh8g0r x1vvkbs xtlvy1s x126k92a\">\n<div dir=\"auto\">\u00a1No esperes m\u00e1s para transformar tus ventanas con el &#8220;Toldo ventana Cofre punto recto&#8221; de Cortina Persol! Cont\u00e1ctanos hoy mismo y d\u00e9janos ayudarte a encontrar la soluci\u00f3n perfecta para tu hogar u oficina.<\/div>\n<div dir=\"auto\"><\/div>\n<\/div>\n","protected":false},"excerpt":{"rendered":"<p>\u00a1Prot\u00e9gete del sol sin comprometer el estilo con Persol! Hoy queremos presentarte nuestro exclusivo &#8220;Toldo ventana Cofre punto recto&#8221;.\u00a0 Este asombroso accesorio combina a la perfecci\u00f3n funcionalidad y est\u00e9tica, brind\u00e1ndote una soluci\u00f3n elegante para tus necesidades de protecci\u00f3n solar. Gracias a su dise\u00f1o innovador de cofre, este toldo ofrece una protecci\u00f3n adicional al enrollar completamente la lona y los brazos,&hellip;<\/p>\n","protected":false},"author":1,"featured_media":3305,"comment_status":"closed","ping_status":"closed","sticky":false,"template":"","format":"standard","meta":{"footnotes":"","_links_to":"","_links_to_target":""},"categories":[126],"tags":[],"class_list":["post-3483","post","type-post","status-publish","format-standard","has-post-thumbnail","hentry","category-noticias2-eu"],"aioseo_notices":[],"_links":{"self":[{"href":"https:\/\/www.persol.info\/eu\/wp-json\/wp\/v2\/posts\/3483","targetHints":{"allow":["GET"]}}],"collection":[{"href":"https:\/\/www.persol.info\/eu\/wp-json\/wp\/v2\/posts"}],"about":[{"href":"https:\/\/www.persol.info\/eu\/wp-json\/wp\/v2\/types\/post"}],"author":[{"embeddable":true,"href":"https:\/\/www.persol.info\/eu\/wp-json\/wp\/v2\/users\/1"}],"replies":[{"embeddable":true,"href":"https:\/\/www.persol.info\/eu\/wp-json\/wp\/v2\/comments?post=3483"}],"version-history":[{"count":0,"href":"https:\/\/www.persol.info\/eu\/wp-json\/wp\/v2\/posts\/3483\/revisions"}],"wp:featuredmedia":[{"embeddable":true,"href":"https:\/\/www.persol.info\/eu\/wp-json\/wp\/v2\/media\/3305"}],"wp:attachment":[{"href":"https:\/\/www.persol.info\/eu\/wp-json\/wp\/v2\/media?parent=3483"}],"wp:term":[{"taxonomy":"category","embeddable":true,"href":"https:\/\/www.persol.info\/eu\/wp-json\/wp\/v2\/categories?post=3483"},{"taxonomy":"post_tag","embeddable":true,"href":"https:\/\/www.persol.info\/eu\/wp-json\/wp\/v2\/tags?post=3483"}],"curies":[{"name":"wp","href":"https:\/\/api.w.org\/{rel}","templated":true}]}}